{"id":3673,"date":"2022-03-17T11:13:18","date_gmt":"2022-03-17T15:13:18","guid":{"rendered":"https:\/\/www.vortexsolution.com\/?p=3673"},"modified":"2022-03-17T11:13:21","modified_gmt":"2022-03-17T15:13:21","slug":"new-wordpress-site-for-the-association-des-economistes-quebecois","status":"publish","type":"post","link":"https:\/\/www.vortexsolution.com\/en\/blog\/new-wordpress-site-for-the-association-des-economistes-quebecois\/","title":{"rendered":"New WordPress site for the Association des \u00e9conomistes qu\u00e9b\u00e9cois"},"content":{"rendered":"<div class=\"wp-block-paragraph wrapper wrapper--xs\">\n<p>Founded in 1975, the Association des \u00e9conomistes qu\u00e9b\u00e9cois is the largest group of economists working in various sectors of activity in Quebec. Its mission consists in disseminating economic knowledge and enhancing the role of economists. Active and dynamic for more than 45 years, the Association is a credible and impartial actor in economic debates.&nbsp;&nbsp;<\/p>\n<\/div>\n\n<div class=\"wp-block-paragraph wrapper wrapper--xs\">\n<p>L\u2019ASDEQ wanted to redesign its website to make it more versatile and modern. The addition of an Events section with a registration form now allows a user-friendly and pleasant experience. The new website highlights the activities and services of Association des \u00e9conomistes qu\u00e9b\u00e9cois in addition to boasting a dynamic, rejuvenated and refreshed design.&nbsp;<\/p>\n<\/div>\n\n<div class=\"wp-block-paragraph wrapper wrapper--xs\">\n<p>To see the work done by Vortex Solution visit the site here: <a href=\"https:\/\/economistesquebecois.com\/\" target=\"_blank\" rel=\"noreferrer noopener\">https:\/\/economistesquebecois.com\/<\/a>&nbsp;<\/p>\n<\/div>","protected":false},"excerpt":{"rendered":"<p>Founded in 1975, the Association des \u00e9conomistes qu\u00e9b\u00e9cois is the largest group of economists working in various sectors of activity in Quebec. Its mission consists in disseminating economic knowledge and enhancing the role of economists. Active and dynamic for more than 45 years, the Association is a credible and impartial actor in economic debates.&nbsp;&nbsp; L\u2019ASDEQ &hellip; <\/p>\n<p><a class=\"btn btn--secondary\" href=\"https:\/\/www.vortexsolution.com\/en\/blog\/new-wordpress-site-for-the-association-des-economistes-quebecois\/\">Read more<\/a><\/p>\n","protected":false},"author":1,"featured_media":3671,"comment_status":"closed","ping_status":"open","sticky":false,"template":"","format":"standard","meta":{"_acf_changed":false,"footnotes":""},"categories":[24],"tags":[],"class_list":["post-3673","post","type-post","status-publish","format-standard","has-post-thumbnail","hentry","category-website-launch"],"acf":[],"_links":{"self":[{"href":"https:\/\/www.vortexsolution.com\/en\/wp-json\/wp\/v2\/posts\/3673","targetHints":{"allow":["GET"]}}],"collection":[{"href":"https:\/\/www.vortexsolution.com\/en\/wp-json\/wp\/v2\/posts"}],"about":[{"href":"https:\/\/www.vortexsolution.com\/en\/wp-json\/wp\/v2\/types\/post"}],"author":[{"embeddable":true,"href":"https:\/\/www.vortexsolution.com\/en\/wp-json\/wp\/v2\/users\/1"}],"replies":[{"embeddable":true,"href":"https:\/\/www.vortexsolution.com\/en\/wp-json\/wp\/v2\/comments?post=3673"}],"version-history":[{"count":1,"href":"https:\/\/www.vortexsolution.com\/en\/wp-json\/wp\/v2\/posts\/3673\/revisions"}],"predecessor-version":[{"id":3674,"href":"https:\/\/www.vortexsolution.com\/en\/wp-json\/wp\/v2\/posts\/3673\/revisions\/3674"}],"wp:featuredmedia":[{"embeddable":true,"href":"https:\/\/www.vortexsolution.com\/en\/wp-json\/wp\/v2\/media\/3671"}],"wp:attachment":[{"href":"https:\/\/www.vortexsolution.com\/en\/wp-json\/wp\/v2\/media?parent=3673"}],"wp:term":[{"taxonomy":"category","embeddable":true,"href":"https:\/\/www.vortexsolution.com\/en\/wp-json\/wp\/v2\/categories?post=3673"},{"taxonomy":"post_tag","embeddable":true,"href":"https:\/\/www.vortexsolution.com\/en\/wp-json\/wp\/v2\/tags?post=3673"}],"curies":[{"name":"wp","href":"https:\/\/api.w.org\/{rel}","templated":true}]}}